{"id":2134,"date":"2025-04-23T08:42:02","date_gmt":"2025-04-23T07:42:02","guid":{"rendered":"https:\/\/seradepula.com\/?p=2134"},"modified":"2025-04-23T08:42:05","modified_gmt":"2025-04-23T07:42:05","slug":"pula-golf-resort-celebra-el-dia-de-la-tierra-2025-con-acciones-sostenibles-y-energia-limpia","status":"publish","type":"post","link":"https:\/\/seradepula.com\/en\/pula-golf-resort-celebra-el-dia-de-la-tierra-2025-con-acciones-sostenibles-y-energia-limpia\/","title":{"rendered":"Pula Golf Resort celebrates Earth Day 2025 with sustainable actions and clean energy"},"content":{"rendered":"<p class=\"translation-block\">This 22 April, Pula Golf Resort joins the global celebration of Earth Day 2025 under the theme \u201cOur Energy, Our Planet\u201d, reaffirming its commitment to sustainability through innovative initiatives aligned with energy transformation and the principles of the circular economy.<\/p>\n\n\n\n<p>On the occasion of its 30th anniversary, our renowned resort in Son Servera (Mallorca) consolidates its position as a benchmark in responsible tourism by leading the implementation of the Competitive Regenerative Hotel (CRH) model \u2014 a philosophy that generates more positive than negative impacts and positions the resort as a true asset to the planet.<\/p>\n\n\n\n<h2 class=\"wp-block-heading\">Committed to clean energy<\/h2>\n\n\n\n<p>In line with Earth Day\u2019s call to triple clean electricity by 2030, Pula Golf Resort has transformed its facilities to run entirely on 100% renewable energy. Key initiatives include:<\/p>\n\n\n\n<ul class=\"wp-block-list\">\n<li>Installation of photovoltaic solar panels on rooftops.<\/li>\n\n\n\n<li>Use of certified green energy supplied by Alcanzia.<\/li>\n\n\n\n<li>Geothermal and aerothermal systems in the hotel suites.<\/li>\n\n\n\n<li>Electric vehicle charging points.<\/li>\n\n\n\n<li>Full replacement of lighting with LED technology.<\/li>\n<\/ul>\n\n\n\n<h2 class=\"wp-block-heading\">A resort pioneering circular economy practices<\/h2>\n\n\n\n<p>Beyond energy, Pula\u2019s environmental commitment embraces a holistic approach based on circular economy principles:<\/p>\n\n\n\n<ul class=\"wp-block-list\">\n<li>Irrigation of the golf course using recycled water.<\/li>\n\n\n\n<li>An organic garden of over 6,000 m\u00b2 providing fresh fruit, vegetables, and eggs to S\u2019Era de Pula restaurant.<\/li>\n\n\n\n<li>Use of organic kitchen waste as animal feed.<\/li>\n\n\n\n<li>Elimination of single-use plastics and exclusive use of biodegradable napkins and eco-pack cleaning products.<\/li>\n\n\n\n<li>Regular donations of surplus food to local municipal programmes.<\/li>\n<\/ul>\n\n\n\n<h2 class=\"wp-block-heading\">Innovation, territory, and community<\/h2>\n\n\n\n<p>Pula Golf Resort is much more than a golf course redesigned by Jos\u00e9 Mar\u00eda Olaz\u00e1bal. It is a regenerative ecosystem that integrates technological innovation, social responsibility and cultural sustainability. From its suites in a restored 16th-century manor house to its kilometre-zero restaurant, every corner of the resort is designed to enhance the wellbeing of guests, staff, the local community and the natural environment of Mallorca.<\/p>\n\n\n\n<p class=\"translation-block\">\u201cSustainability is not a marketing strategy; it\u2019s our way of life,\u201d says Arnau Sala, General Manager of the resort. \u201cWe believe in a tourism model that protects the land while delivering authentic, high-quality experiences.\u201d.<\/p>\n\n\n\n<h2 class=\"wp-block-heading\">Towards a regenerative future<\/h2>\n\n\n\n<p>Recognised as the world\u2019s first regenerative golf course and the first resort to obtain ARC 360 certification, Pula Golf Resort continues to develop projects aligned with the 2030 Agenda and the United Nations Sustainable Development Goals. Its Competitive Regenerative Strategic Plan (PERC) spans five key areas: governance, economy, society, environment, and culture.<\/p>\n\n\n\n<p>On this Earth Day 2025, Pula Golf Resort reaffirms its role as an international leader in sustainable tourism. Its pioneering model proves that luxury experiences can go hand in hand with caring for the planet. Because protecting Mallorca also means caring for those who come to enjoy it.<\/p>","protected":false},"excerpt":{"rendered":"<p>Este 22 de abril, Pula Golf Resort se suma al D\u00eda de la Tierra 2025 bajo el lema global \u201cNuestra energ\u00eda, nuestro planeta\u201d, reafirmando su compromiso con la sostenibilidad a trav\u00e9s de innovadoras iniciativas alineadas con la transformaci\u00f3n energ\u00e9tica y la econom\u00eda circular. En su trig\u00e9simo aniversario, nuestro emblem\u00e1tico complejo ubicado en Son Servera (Mallorca) [&hellip;]<\/p>\n","protected":false},"author":2,"featured_media":2135,"comment_status":"closed","ping_status":"closed","sticky":false,"template":"","format":"standard","meta":{"site-sidebar-layout":"default","site-content-layout":"","ast-site-content-layout":"default","site-content-style":"default","site-sidebar-style":"default","ast-global-header-display":"","ast-banner-title-visibility":"","ast-main-header-display":"","ast-hfb-above-header-display":"","ast-hfb-below-header-display":"","ast-hfb-mobile-header-display":"","site-post-title":"","ast-breadcrumbs-content":"","ast-featured-img":"","footer-sml-layout":"","ast-disable-related-posts":"","theme-transparent-header-meta":"","adv-header-id-meta":"","stick-header-meta":"","header-above-stick-meta":"","header-main-stick-meta":"","header-below-stick-meta":"","astra-migrate-meta-layouts":"set","ast-page-background-enabled":"default","ast-page-background-meta":{"desktop":{"background-color":"","background-image":"","background-repeat":"repeat","background-position":"center center","background-size":"auto","background-attachment":"scroll","background-type":"","background-media":"","overlay-type":"","overlay-color":"","overlay-opacity":"","overlay-gradient":""},"tablet":{"background-color":"","background-image":"","background-repeat":"repeat","background-position":"center center","background-size":"auto","background-attachment":"scroll","background-type":"","background-media":"","overlay-type":"","overlay-color":"","overlay-opacity":"","overlay-gradient":""},"mobile":{"background-color":"","background-image":"","background-repeat":"repeat","background-position":"center center","background-size":"auto","background-attachment":"scroll","background-type":"","background-media":"","overlay-type":"","overlay-color":"","overlay-opacity":"","overlay-gradient":""}},"ast-content-background-meta":{"desktop":{"background-color":"var(--ast-global-color-5)","background-image":"","background-repeat":"repeat","background-position":"center center","background-size":"auto","background-attachment":"scroll","background-type":"","background-media":"","overlay-type":"","overlay-color":"","overlay-opacity":"","overlay-gradient":""},"tablet":{"background-color":"var(--ast-global-color-5)","background-image":"","background-repeat":"repeat","background-position":"center center","background-size":"auto","background-attachment":"scroll","background-type":"","background-media":"","overlay-type":"","overlay-color":"","overlay-opacity":"","overlay-gradient":""},"mobile":{"background-color":"var(--ast-global-color-5)","background-image":"","background-repeat":"repeat","background-position":"center center","background-size":"auto","background-attachment":"scroll","background-type":"","background-media":"","overlay-type":"","overlay-color":"","overlay-opacity":"","overlay-gradient":""}},"footnotes":""},"categories":[1],"tags":[],"class_list":["post-2134","post","type-post","status-publish","format-standard","has-post-thumbnail","hentry","category-sin-categorizar"],"yoast_head":"<!-- This site is optimized with the Yoast SEO plugin v27.5 - https:\/\/yoast.com\/product\/yoast-seo-wordpress\/ -->\n<title>Pula Golf Resort celebra el D\u00eda de la Tierra 2025 con acciones sostenibles y energ\u00eda limpia - S&#039;era de Pula<\/title>\n<meta name=\"robots\" content=\"index, follow, max-snippet:-1, max-image-preview:large, max-video-preview:-1\" \/>\n<link rel=\"canonical\" href=\"https:\/\/seradepula.com\/en\/pula-golf-resort-celebra-el-dia-de-la-tierra-2025-con-acciones-sostenibles-y-energia-limpia\/\" \/>\n<meta property=\"og:locale\" content=\"en_GB\" \/>\n<meta property=\"og:type\" content=\"article\" \/>\n<meta property=\"og:title\" content=\"Pula Golf Resort celebra el D\u00eda de la Tierra 2025 con acciones sostenibles y energ\u00eda limpia - S&#039;era de Pula\" \/>\n<meta property=\"og:description\" content=\"Este 22 de abril, Pula Golf Resort se suma al D\u00eda de la Tierra 2025 bajo el lema global \u201cNuestra energ\u00eda, nuestro planeta\u201d, reafirmando su compromiso con la sostenibilidad a trav\u00e9s de innovadoras iniciativas alineadas con la transformaci\u00f3n energ\u00e9tica y la econom\u00eda circular. En su trig\u00e9simo aniversario, nuestro emblem\u00e1tico complejo ubicado en Son Servera (Mallorca) [&hellip;]\" \/>\n<meta property=\"og:url\" content=\"https:\/\/seradepula.com\/en\/pula-golf-resort-celebra-el-dia-de-la-tierra-2025-con-acciones-sostenibles-y-energia-limpia\/\" \/>\n<meta property=\"og:site_name\" content=\"S&#039;era de Pula\" \/>\n<meta property=\"article:published_time\" content=\"2025-04-23T07:42:02+00:00\" \/>\n<meta property=\"article:modified_time\" content=\"2025-04-23T07:42:05+00:00\" \/>\n<meta property=\"og:image\" content=\"https:\/\/seradepula.com\/wp-content\/uploads\/2025\/04\/Dia-de-la-Tierra-2025.jpg\" \/>\n\t<meta property=\"og:image:width\" content=\"1920\" \/>\n\t<meta property=\"og:image:height\" content=\"1282\" \/>\n\t<meta property=\"og:image:type\" content=\"image\/jpeg\" \/>\n<meta name=\"author\" content=\"David\" \/>\n<meta name=\"twitter:card\" content=\"summary_large_image\" \/>\n<meta name=\"twitter:label1\" content=\"Written by\" \/>\n\t<meta name=\"twitter:data1\" content=\"David\" \/>\n\t<meta name=\"twitter:label2\" content=\"Estimated reading time\" \/>\n\t<meta name=\"twitter:data2\" content=\"3 minutes\" \/>\n<script type=\"application\/ld+json\" class=\"yoast-schema-graph\">{\"@context\":\"https:\\\/\\\/schema.org\",\"@graph\":[{\"@type\":\"Article\",\"@id\":\"https:\\\/\\\/seradepula.com\\\/pula-golf-resort-celebra-el-dia-de-la-tierra-2025-con-acciones-sostenibles-y-energia-limpia\\\/#article\",\"isPartOf\":{\"@id\":\"https:\\\/\\\/seradepula.com\\\/pula-golf-resort-celebra-el-dia-de-la-tierra-2025-con-acciones-sostenibles-y-energia-limpia\\\/\"},\"author\":{\"name\":\"David\",\"@id\":\"https:\\\/\\\/seradepula.com\\\/#\\\/schema\\\/person\\\/54dff291a577b0124c667b48fc5f2352\"},\"headline\":\"Pula Golf Resort celebra el D\u00eda de la Tierra 2025 con acciones sostenibles y energ\u00eda limpia\",\"datePublished\":\"2025-04-23T07:42:02+00:00\",\"dateModified\":\"2025-04-23T07:42:05+00:00\",\"mainEntityOfPage\":{\"@id\":\"https:\\\/\\\/seradepula.com\\\/pula-golf-resort-celebra-el-dia-de-la-tierra-2025-con-acciones-sostenibles-y-energia-limpia\\\/\"},\"wordCount\":537,\"publisher\":{\"@id\":\"https:\\\/\\\/seradepula.com\\\/#organization\"},\"image\":{\"@id\":\"https:\\\/\\\/seradepula.com\\\/pula-golf-resort-celebra-el-dia-de-la-tierra-2025-con-acciones-sostenibles-y-energia-limpia\\\/#primaryimage\"},\"thumbnailUrl\":\"https:\\\/\\\/seradepula.com\\\/wp-content\\\/uploads\\\/2025\\\/04\\\/Dia-de-la-Tierra-2025.jpg\",\"articleSection\":[\"Sin categorizar\"],\"inLanguage\":\"en-GB\"},{\"@type\":\"WebPage\",\"@id\":\"https:\\\/\\\/seradepula.com\\\/pula-golf-resort-celebra-el-dia-de-la-tierra-2025-con-acciones-sostenibles-y-energia-limpia\\\/\",\"url\":\"https:\\\/\\\/seradepula.com\\\/pula-golf-resort-celebra-el-dia-de-la-tierra-2025-con-acciones-sostenibles-y-energia-limpia\\\/\",\"name\":\"Pula Golf Resort celebra el D\u00eda de la Tierra 2025 con acciones sostenibles y energ\u00eda limpia - S&#039;era de Pula\",\"isPartOf\":{\"@id\":\"https:\\\/\\\/seradepula.com\\\/#website\"},\"primaryImageOfPage\":{\"@id\":\"https:\\\/\\\/seradepula.com\\\/pula-golf-resort-celebra-el-dia-de-la-tierra-2025-con-acciones-sostenibles-y-energia-limpia\\\/#primaryimage\"},\"image\":{\"@id\":\"https:\\\/\\\/seradepula.com\\\/pula-golf-resort-celebra-el-dia-de-la-tierra-2025-con-acciones-sostenibles-y-energia-limpia\\\/#primaryimage\"},\"thumbnailUrl\":\"https:\\\/\\\/seradepula.com\\\/wp-content\\\/uploads\\\/2025\\\/04\\\/Dia-de-la-Tierra-2025.jpg\",\"datePublished\":\"2025-04-23T07:42:02+00:00\",\"dateModified\":\"2025-04-23T07:42:05+00:00\",\"breadcrumb\":{\"@id\":\"https:\\\/\\\/seradepula.com\\\/pula-golf-resort-celebra-el-dia-de-la-tierra-2025-con-acciones-sostenibles-y-energia-limpia\\\/#breadcrumb\"},\"inLanguage\":\"en-GB\",\"potentialAction\":[{\"@type\":\"ReadAction\",\"target\":[\"https:\\\/\\\/seradepula.com\\\/pula-golf-resort-celebra-el-dia-de-la-tierra-2025-con-acciones-sostenibles-y-energia-limpia\\\/\"]}]},{\"@type\":\"ImageObject\",\"inLanguage\":\"en-GB\",\"@id\":\"https:\\\/\\\/seradepula.com\\\/pula-golf-resort-celebra-el-dia-de-la-tierra-2025-con-acciones-sostenibles-y-energia-limpia\\\/#primaryimage\",\"url\":\"https:\\\/\\\/seradepula.com\\\/wp-content\\\/uploads\\\/2025\\\/04\\\/Dia-de-la-Tierra-2025.jpg\",\"contentUrl\":\"https:\\\/\\\/seradepula.com\\\/wp-content\\\/uploads\\\/2025\\\/04\\\/Dia-de-la-Tierra-2025.jpg\",\"width\":1920,\"height\":1282},{\"@type\":\"BreadcrumbList\",\"@id\":\"https:\\\/\\\/seradepula.com\\\/pula-golf-resort-celebra-el-dia-de-la-tierra-2025-con-acciones-sostenibles-y-energia-limpia\\\/#breadcrumb\",\"itemListElement\":[{\"@type\":\"ListItem\",\"position\":1,\"name\":\"Portada\",\"item\":\"https:\\\/\\\/seradepula.com\\\/\"},{\"@type\":\"ListItem\",\"position\":2,\"name\":\"Pula Golf Resort celebra el D\u00eda de la Tierra 2025 con acciones sostenibles y energ\u00eda limpia\"}]},{\"@type\":\"WebSite\",\"@id\":\"https:\\\/\\\/seradepula.com\\\/#website\",\"url\":\"https:\\\/\\\/seradepula.com\\\/\",\"name\":\"S&#039;era de Pula\",\"description\":\"\",\"publisher\":{\"@id\":\"https:\\\/\\\/seradepula.com\\\/#organization\"},\"potentialAction\":[{\"@type\":\"SearchAction\",\"target\":{\"@type\":\"EntryPoint\",\"urlTemplate\":\"https:\\\/\\\/seradepula.com\\\/?s={search_term_string}\"},\"query-input\":{\"@type\":\"PropertyValueSpecification\",\"valueRequired\":true,\"valueName\":\"search_term_string\"}}],\"inLanguage\":\"en-GB\"},{\"@type\":\"Organization\",\"@id\":\"https:\\\/\\\/seradepula.com\\\/#organization\",\"name\":\"S&#039;era de Pula\",\"url\":\"https:\\\/\\\/seradepula.com\\\/\",\"logo\":{\"@type\":\"ImageObject\",\"inLanguage\":\"en-GB\",\"@id\":\"https:\\\/\\\/seradepula.com\\\/#\\\/schema\\\/logo\\\/image\\\/\",\"url\":\"https:\\\/\\\/seradepula.com\\\/wp-content\\\/uploads\\\/2023\\\/01\\\/logo-light.svg\",\"contentUrl\":\"https:\\\/\\\/seradepula.com\\\/wp-content\\\/uploads\\\/2023\\\/01\\\/logo-light.svg\",\"width\":196,\"height\":209,\"caption\":\"S&#039;era de Pula\"},\"image\":{\"@id\":\"https:\\\/\\\/seradepula.com\\\/#\\\/schema\\\/logo\\\/image\\\/\"}},{\"@type\":\"Person\",\"@id\":\"https:\\\/\\\/seradepula.com\\\/#\\\/schema\\\/person\\\/54dff291a577b0124c667b48fc5f2352\",\"name\":\"David\",\"image\":{\"@type\":\"ImageObject\",\"inLanguage\":\"en-GB\",\"@id\":\"https:\\\/\\\/secure.gravatar.com\\\/avatar\\\/ae0832d4f4ac373d3243506d5d26f02cdcfe42296e92f8d21fd3242fbfce4e14?s=96&d=mm&r=g\",\"url\":\"https:\\\/\\\/secure.gravatar.com\\\/avatar\\\/ae0832d4f4ac373d3243506d5d26f02cdcfe42296e92f8d21fd3242fbfce4e14?s=96&d=mm&r=g\",\"contentUrl\":\"https:\\\/\\\/secure.gravatar.com\\\/avatar\\\/ae0832d4f4ac373d3243506d5d26f02cdcfe42296e92f8d21fd3242fbfce4e14?s=96&d=mm&r=g\",\"caption\":\"David\"},\"url\":\"https:\\\/\\\/seradepula.com\\\/en\\\/author\\\/david\\\/\"}]}<\/script>\n<!-- \/ Yoast SEO plugin. -->","yoast_head_json":{"title":"Pula Golf Resort celebra el D\u00eda de la Tierra 2025 con acciones sostenibles y energ\u00eda limpia - S&#039;era de Pula","robots":{"index":"index","follow":"follow","max-snippet":"max-snippet:-1","max-image-preview":"max-image-preview:large","max-video-preview":"max-video-preview:-1"},"canonical":"https:\/\/seradepula.com\/en\/pula-golf-resort-celebra-el-dia-de-la-tierra-2025-con-acciones-sostenibles-y-energia-limpia\/","og_locale":"en_GB","og_type":"article","og_title":"Pula Golf Resort celebra el D\u00eda de la Tierra 2025 con acciones sostenibles y energ\u00eda limpia - S&#039;era de Pula","og_description":"Este 22 de abril, Pula Golf Resort se suma al D\u00eda de la Tierra 2025 bajo el lema global \u201cNuestra energ\u00eda, nuestro planeta\u201d, reafirmando su compromiso con la sostenibilidad a trav\u00e9s de innovadoras iniciativas alineadas con la transformaci\u00f3n energ\u00e9tica y la econom\u00eda circular. En su trig\u00e9simo aniversario, nuestro emblem\u00e1tico complejo ubicado en Son Servera (Mallorca) [&hellip;]","og_url":"https:\/\/seradepula.com\/en\/pula-golf-resort-celebra-el-dia-de-la-tierra-2025-con-acciones-sostenibles-y-energia-limpia\/","og_site_name":"S&#039;era de Pula","article_published_time":"2025-04-23T07:42:02+00:00","article_modified_time":"2025-04-23T07:42:05+00:00","og_image":[{"width":1920,"height":1282,"url":"https:\/\/seradepula.com\/wp-content\/uploads\/2025\/04\/Dia-de-la-Tierra-2025.jpg","type":"image\/jpeg"}],"author":"David","twitter_card":"summary_large_image","twitter_misc":{"Written by":"David","Estimated reading time":"3 minutes"},"schema":{"@context":"https:\/\/schema.org","@graph":[{"@type":"Article","@id":"https:\/\/seradepula.com\/pula-golf-resort-celebra-el-dia-de-la-tierra-2025-con-acciones-sostenibles-y-energia-limpia\/#article","isPartOf":{"@id":"https:\/\/seradepula.com\/pula-golf-resort-celebra-el-dia-de-la-tierra-2025-con-acciones-sostenibles-y-energia-limpia\/"},"author":{"name":"David","@id":"https:\/\/seradepula.com\/#\/schema\/person\/54dff291a577b0124c667b48fc5f2352"},"headline":"Pula Golf Resort celebra el D\u00eda de la Tierra 2025 con acciones sostenibles y energ\u00eda limpia","datePublished":"2025-04-23T07:42:02+00:00","dateModified":"2025-04-23T07:42:05+00:00","mainEntityOfPage":{"@id":"https:\/\/seradepula.com\/pula-golf-resort-celebra-el-dia-de-la-tierra-2025-con-acciones-sostenibles-y-energia-limpia\/"},"wordCount":537,"publisher":{"@id":"https:\/\/seradepula.com\/#organization"},"image":{"@id":"https:\/\/seradepula.com\/pula-golf-resort-celebra-el-dia-de-la-tierra-2025-con-acciones-sostenibles-y-energia-limpia\/#primaryimage"},"thumbnailUrl":"https:\/\/seradepula.com\/wp-content\/uploads\/2025\/04\/Dia-de-la-Tierra-2025.jpg","articleSection":["Sin categorizar"],"inLanguage":"en-GB"},{"@type":"WebPage","@id":"https:\/\/seradepula.com\/pula-golf-resort-celebra-el-dia-de-la-tierra-2025-con-acciones-sostenibles-y-energia-limpia\/","url":"https:\/\/seradepula.com\/pula-golf-resort-celebra-el-dia-de-la-tierra-2025-con-acciones-sostenibles-y-energia-limpia\/","name":"Pula Golf Resort celebra el D\u00eda de la Tierra 2025 con acciones sostenibles y energ\u00eda limpia - S&#039;era de Pula","isPartOf":{"@id":"https:\/\/seradepula.com\/#website"},"primaryImageOfPage":{"@id":"https:\/\/seradepula.com\/pula-golf-resort-celebra-el-dia-de-la-tierra-2025-con-acciones-sostenibles-y-energia-limpia\/#primaryimage"},"image":{"@id":"https:\/\/seradepula.com\/pula-golf-resort-celebra-el-dia-de-la-tierra-2025-con-acciones-sostenibles-y-energia-limpia\/#primaryimage"},"thumbnailUrl":"https:\/\/seradepula.com\/wp-content\/uploads\/2025\/04\/Dia-de-la-Tierra-2025.jpg","datePublished":"2025-04-23T07:42:02+00:00","dateModified":"2025-04-23T07:42:05+00:00","breadcrumb":{"@id":"https:\/\/seradepula.com\/pula-golf-resort-celebra-el-dia-de-la-tierra-2025-con-acciones-sostenibles-y-energia-limpia\/#breadcrumb"},"inLanguage":"en-GB","potentialAction":[{"@type":"ReadAction","target":["https:\/\/seradepula.com\/pula-golf-resort-celebra-el-dia-de-la-tierra-2025-con-acciones-sostenibles-y-energia-limpia\/"]}]},{"@type":"ImageObject","inLanguage":"en-GB","@id":"https:\/\/seradepula.com\/pula-golf-resort-celebra-el-dia-de-la-tierra-2025-con-acciones-sostenibles-y-energia-limpia\/#primaryimage","url":"https:\/\/seradepula.com\/wp-content\/uploads\/2025\/04\/Dia-de-la-Tierra-2025.jpg","contentUrl":"https:\/\/seradepula.com\/wp-content\/uploads\/2025\/04\/Dia-de-la-Tierra-2025.jpg","width":1920,"height":1282},{"@type":"BreadcrumbList","@id":"https:\/\/seradepula.com\/pula-golf-resort-celebra-el-dia-de-la-tierra-2025-con-acciones-sostenibles-y-energia-limpia\/#breadcrumb","itemListElement":[{"@type":"ListItem","position":1,"name":"Portada","item":"https:\/\/seradepula.com\/"},{"@type":"ListItem","position":2,"name":"Pula Golf Resort celebra el D\u00eda de la Tierra 2025 con acciones sostenibles y energ\u00eda limpia"}]},{"@type":"WebSite","@id":"https:\/\/seradepula.com\/#website","url":"https:\/\/seradepula.com\/","name":"S&#039;era de Pula","description":"","publisher":{"@id":"https:\/\/seradepula.com\/#organization"},"potentialAction":[{"@type":"SearchAction","target":{"@type":"EntryPoint","urlTemplate":"https:\/\/seradepula.com\/?s={search_term_string}"},"query-input":{"@type":"PropertyValueSpecification","valueRequired":true,"valueName":"search_term_string"}}],"inLanguage":"en-GB"},{"@type":"Organization","@id":"https:\/\/seradepula.com\/#organization","name":"S&#039;era de Pula","url":"https:\/\/seradepula.com\/","logo":{"@type":"ImageObject","inLanguage":"en-GB","@id":"https:\/\/seradepula.com\/#\/schema\/logo\/image\/","url":"https:\/\/seradepula.com\/wp-content\/uploads\/2023\/01\/logo-light.svg","contentUrl":"https:\/\/seradepula.com\/wp-content\/uploads\/2023\/01\/logo-light.svg","width":196,"height":209,"caption":"S&#039;era de Pula"},"image":{"@id":"https:\/\/seradepula.com\/#\/schema\/logo\/image\/"}},{"@type":"Person","@id":"https:\/\/seradepula.com\/#\/schema\/person\/54dff291a577b0124c667b48fc5f2352","name":"David","image":{"@type":"ImageObject","inLanguage":"en-GB","@id":"https:\/\/secure.gravatar.com\/avatar\/ae0832d4f4ac373d3243506d5d26f02cdcfe42296e92f8d21fd3242fbfce4e14?s=96&d=mm&r=g","url":"https:\/\/secure.gravatar.com\/avatar\/ae0832d4f4ac373d3243506d5d26f02cdcfe42296e92f8d21fd3242fbfce4e14?s=96&d=mm&r=g","contentUrl":"https:\/\/secure.gravatar.com\/avatar\/ae0832d4f4ac373d3243506d5d26f02cdcfe42296e92f8d21fd3242fbfce4e14?s=96&d=mm&r=g","caption":"David"},"url":"https:\/\/seradepula.com\/en\/author\/david\/"}]}},"_links":{"self":[{"href":"https:\/\/seradepula.com\/en\/wp-json\/wp\/v2\/posts\/2134","targetHints":{"allow":["GET"]}}],"collection":[{"href":"https:\/\/seradepula.com\/en\/wp-json\/wp\/v2\/posts"}],"about":[{"href":"https:\/\/seradepula.com\/en\/wp-json\/wp\/v2\/types\/post"}],"author":[{"embeddable":true,"href":"https:\/\/seradepula.com\/en\/wp-json\/wp\/v2\/users\/2"}],"replies":[{"embeddable":true,"href":"https:\/\/seradepula.com\/en\/wp-json\/wp\/v2\/comments?post=2134"}],"version-history":[{"count":0,"href":"https:\/\/seradepula.com\/en\/wp-json\/wp\/v2\/posts\/2134\/revisions"}],"wp:featuredmedia":[{"embeddable":true,"href":"https:\/\/seradepula.com\/en\/wp-json\/wp\/v2\/media\/2135"}],"wp:attachment":[{"href":"https:\/\/seradepula.com\/en\/wp-json\/wp\/v2\/media?parent=2134"}],"wp:term":[{"taxonomy":"category","embeddable":true,"href":"https:\/\/seradepula.com\/en\/wp-json\/wp\/v2\/categories?post=2134"},{"taxonomy":"post_tag","embeddable":true,"href":"https:\/\/seradepula.com\/en\/wp-json\/wp\/v2\/tags?post=2134"}],"curies":[{"name":"wp","href":"https:\/\/api.w.org\/{rel}","templated":true}]}}