{"id":1876,"date":"2025-01-14T17:57:36","date_gmt":"2025-01-14T16:57:36","guid":{"rendered":"https:\/\/seradepula.com\/?p=1876"},"modified":"2025-01-14T17:59:31","modified_gmt":"2025-01-14T16:59:31","slug":"la-sostenibilidad-en-cada-bocado-nuestro-compromiso-con-el-medio-ambiente","status":"publish","type":"post","link":"https:\/\/seradepula.com\/ca\/la-sostenibilidad-en-cada-bocado-nuestro-compromiso-con-el-medio-ambiente\/","title":{"rendered":"La sostenibilitat a cada mos: el nostre comprom\u00eds amb el medi ambient"},"content":{"rendered":"<p class=\"translation-block\"><b>S\u2019Era de Pula<\/b><span style=\"font-weight: 400\"> representa una proposta \u00fanica a Mallorca, on la tradici\u00f3 culin\u00e0ria es combina amb un profund comprom\u00eds amb la sostenibilitat. <\/span><a href=\"https:\/\/seradepula.com\/ca\/conoce-nuestro-restaurante-con-historia-en-mallorca\/\" target=\"_self\"><span style=\"font-weight: 400\">Amb m\u00e9s de mig segle d\u2019hist\u00f2ria<\/span><\/a><span style=\"font-weight: 400\">, el nostre restaurant ha cultivat un hort propi i ha seleccionat els millors ingredients locals per crear plats que delecten el paladar i, alhora, tenen cura del planeta.<\/span><\/p>\n<p><span style=\"font-weight: 400;\">Vols descobrir com la tradici\u00f3 i la innovaci\u00f3 s\u2019uneixen per oferir una experi\u00e8ncia culin\u00e0ria diferent? Continua llegint!<\/span><\/p>\n<h3><span style=\"font-weight: 400;\">L\u2019hort ecol\u00f2gic: la base de la nostra filosofia<\/span><\/h3>\n<p class=\"translation-block\"><span style=\"font-weight: 400\">Un dels elements distintius de <\/span><a href=\"https:\/\/seradepula.com\/ca\/\" target=\"_self\"><b>S\u2019Era de Pula<\/b><\/a><span style=\"font-weight: 400\"> \u00e9s el nostre <\/span><a href=\"https:\/\/seradepula.com\/ca\/productos-de-proximidad-de-nuestro-huerto-ecologico-de-6-000m\/\" target=\"_self\"><b>hort ecol\u00f2gic de 6.000 m\u00b2<\/b><\/a><span style=\"font-weight: 400\">, situat a pocs passos de la cuina. Aqu\u00ed cultivam una \u00e0mplia varietat de verdures i hortalisses amb m\u00e8todes respectuosos amb el medi ambient i lliures de pesticides. Aquesta manera de treballar garanteix que els ingredients que arriben a taula siguin frescs, saborosos i, sobretot, saludables.&lt;\/spa<\/p>\n<p class=\"translation-block\"><span style=\"font-weight: 400\">L\u2019hort no nom\u00e9s abasteix el restaurant, sin\u00f3 que tamb\u00e9 representa la nostra aposta pels <\/span><b>productes de quil\u00f2metre zero<\/b><span style=\"font-weight: 400\">. Aquests aliments, cultivats al mateix espai o adquirits a prove\u00efdors locals, no nom\u00e9s donen suport a l\u2019economia de la regi\u00f3, sin\u00f3 que tamb\u00e9 redueixen de manera significativa la petjada de carboni en minimitzar els despla\u00e7aments.<\/span><\/p>\n<p class=\"translation-block\"><span style=\"font-weight: 400\">Cada plat servit a <\/span><b>S\u2019Era de Pula<\/b><span style=\"font-weight: 400\"> conta una hist\u00f2ria de proximitat i sostenibilitat, acostant als nostres comensals els sabors aut\u00e8ntics de Mallorca.<\/span><\/p>\n<h3><span style=\"font-weight: 400;\">Accions cap a un futur m\u00e9s verd<\/span><\/h3>\n<p class=\"translation-block\"><span style=\"font-weight: 400\">A <\/span><b>S\u2019Era de Pula<\/b><span style=\"font-weight: 400\">, entenem que el comprom\u00eds amb el medi ambient ha d\u2019anar m\u00e9s enll\u00e0 del discurs. Per aix\u00f2, aplicam una s\u00e8rie d\u2019accions concretes pensades per generar un impacte positiu i tangible:<\/span><\/p>\n<ul>\n<li style=\"font-weight: 400;\" aria-level=\"1\" class=\"translation-block\"><b>Ad\u00e9u al pl\u00e0stic<\/b><span style=\"font-weight: 400\">: Hem eliminat els envasos de pl\u00e0stic i els hem substitu\u00eft per materials biodegradables que tenen cura de l\u2019entorn.<\/span><\/li>\n<li style=\"font-weight: 400;\" aria-level=\"1\" class=\"translation-block\"><b>Energia sostenible<\/b><span style=\"font-weight: 400\">: El nostre restaurant funciona amb energia solar pr\u00f2pia i utilitza il\u00b7luminaci\u00f3 LED a totes les instal\u00b7lacions, reduint el consum energ\u00e8tic.<\/span><\/li>\n<li style=\"font-weight: 400;\" aria-level=\"1\" class=\"translation-block\"><b>Mobilitat verda<\/b><span style=\"font-weight: 400\">: Disposam de punts de rec\u00e0rrega per a vehicles el\u00e8ctrics, fomentant l\u2019\u00fas d\u2019alternatives de transport m\u00e9s netes.<\/span><\/li>\n<li style=\"font-weight: 400;\" aria-level=\"1\" class=\"translation-block\"><b>Economia circular<\/b><span style=\"font-weight: 400\">: Aprofitam els residus org\u00e0nics generats al restaurant per alimentar les nostres gallines i \u00e0necs, tancant el cicle dels residus d\u2019una manera responsable.<\/span><\/li>\n<li style=\"font-weight: 400;\" aria-level=\"1\" class=\"translation-block\"><b>Biodiversitat protegida<\/b><span style=\"font-weight: 400\">: Preservam la flora i la fauna locals, integrant la nostra activitat en harmonia amb l\u2019entorn natural.<\/span><\/li>\n<\/ul>\n<p><span style=\"font-weight: 400;\">Aquestes pr\u00e0ctiques s\u00f3n una declaraci\u00f3 de principis i reflecteixen el nostre comprom\u00eds amb el desenvolupament sostenible i la innovaci\u00f3 social. Cada petit pas ens acosta a un futur m\u00e9s verd.<\/span><\/p>\n<h3><span style=\"font-weight: 400;\">Una gastronomia que respecta el planeta<\/span><\/h3>\n<p class=\"translation-block\"><span style=\"font-weight: 400\">Tenir cura del medi ambient no significa renunciar al sabor ni a la qualitat. Al contrari, l\u2019\u00fas de productes ecol\u00f2gics i de temporada permet crear plats m\u00e9s frescs i rics en matisos. A <\/span><b>S\u2019Era de Pula<\/b><span style=\"font-weight: 400\">, sabem que la sostenibilitat i l\u2019excel\u00b7l\u00e8ncia culin\u00e0ria poden anar de la m\u00e0, oferint als nostres comensals una experi\u00e8ncia gastron\u00f2mica que combina el millor de tots dos mons.<\/span><\/p>\n<p class=\"translation-block\"><span style=\"font-weight: 400\">La nostra xef, <\/span><b>Marga Brunet<\/b><span style=\"font-weight: 400\">, lidera la cuina amb una visi\u00f3 creativa i un profund respecte pels ingredients locals. La seva experi\u00e8ncia en alguns dels restaurants m\u00e9s prestigiosos, com els liderats pels germans Roca, li ha perm\u00e8s desenvolupar una proposta culin\u00e0ria \u00fanica, basada en la tradici\u00f3 mediterr\u00e0nia i adaptada a les exig\u00e8ncies actuals de sostenibilitat.<\/span><\/p>\n<h3><span style=\"font-weight: 400;\">Inspirant un canvi positiu<\/span><\/h3>\n<p class=\"translation-block\"><span style=\"font-weight: 400\">Des de la seva<\/span><b> obertura l\u2019any 1969<\/b><span style=\"font-weight: 400\">, <\/span><b>S\u2019Era de Pula<\/b><span style=\"font-weight: 400\"> s\u2019ha convertit en un referent no nom\u00e9s per la seva proposta gastron\u00f2mica, sin\u00f3 tamb\u00e9 pel seu lideratge en sostenibilitat. El nostre restaurant demostra que \u00e9s possible gaudir d\u2019una experi\u00e8ncia \u00fanica mentre cuidam el planeta. Aquest enfocament ens ha perm\u00e8s no nom\u00e9s atraure els amants de la bona gastronomia, sin\u00f3 tamb\u00e9 inspirar altres restaurants i negocis a adoptar pr\u00e0ctiques m\u00e9s responsables.<\/span><\/p>\n<p class=\"translation-block\"><span style=\"font-weight: 400\">Visitar <\/span><b>S\u2019Era de Pula<\/b><span style=\"font-weight: 400\"> \u00e9s molt m\u00e9s que gaudir d\u2019un bon \u00e0pat; \u00e9s formar part d\u2019un moviment cap a un futur m\u00e9s sostenible. Cada plat conta una hist\u00f2ria d\u2019esfor\u00e7, comprom\u00eds i estima per la natura. De l\u2019hort a la taula, el nostre objectiu \u00e9s oferir una experi\u00e8ncia inoblidable que equilibri sabor, innovaci\u00f3 i responsabilitat.<\/span><\/p>\n<p class=\"translation-block\"><span style=\"font-weight: 400\">Si cerques un restaurant que combini gastronomia d\u2019alta qualitat amb pr\u00e0ctiques sostenibles, <\/span><b>S\u2019Era de Pula<\/b><span style=\"font-weight: 400\"> \u00e9s el teu dest\u00ed ideal. <\/span><b>Reserva la teva taula avui mateix<\/b><span style=\"font-weight: 400\"> i descobreix com tenir cura del medi ambient pot transformar cada mos en un plaer \u00fanic.<\/span><\/p>","protected":false},"excerpt":{"rendered":"<p>S&#8217;Era de Pula representa una propuesta \u00fanica en Mallorca, donde la tradici\u00f3n culinaria se fusiona con un profundo compromiso con la sostenibilidad. Con m\u00e1s de medio siglo de historia, nuestro rinc\u00f3n gastron\u00f3mico ha cultivado un huerto propio y seleccionado los mejores ingredientes locales para crear platos que complacen el paladar y cuidan del planeta.\u00a0 \u00bfQuieres [&hellip;]<\/p>\n","protected":false},"author":2,"featured_media":1878,"comment_status":"closed","ping_status":"closed","sticky":false,"template":"","format":"standard","meta":{"site-sidebar-layout":"default","site-content-layout":"","ast-site-content-layout":"default","site-content-style":"default","site-sidebar-style":"default","ast-global-header-display":"","ast-banner-title-visibility":"","ast-main-header-display":"","ast-hfb-above-header-display":"","ast-hfb-below-header-display":"","ast-hfb-mobile-header-display":"","site-post-title":"","ast-breadcrumbs-content":"","ast-featured-img":"","footer-sml-layout":"","ast-disable-related-posts":"","theme-transparent-header-meta":"default","adv-header-id-meta":"","stick-header-meta":"","header-above-stick-meta":"","header-main-stick-meta":"","header-below-stick-meta":"","astra-migrate-meta-layouts":"set","ast-page-background-enabled":"default","ast-page-background-meta":{"desktop":{"background-color":"","background-image":"","background-repeat":"repeat","background-position":"center center","background-size":"auto","background-attachment":"scroll","background-type":"","background-media":"","overlay-type":"","overlay-color":"","overlay-opacity":"","overlay-gradient":""},"tablet":{"background-color":"","background-image":"","background-repeat":"repeat","background-position":"center center","background-size":"auto","background-attachment":"scroll","background-type":"","background-media":"","overlay-type":"","overlay-color":"","overlay-opacity":"","overlay-gradient":""},"mobile":{"background-color":"","background-image":"","background-repeat":"repeat","background-position":"center center","background-size":"auto","background-attachment":"scroll","background-type":"","background-media":"","overlay-type":"","overlay-color":"","overlay-opacity":"","overlay-gradient":""}},"ast-content-background-meta":{"desktop":{"background-color":"var(--ast-global-color-5)","background-image":"","background-repeat":"repeat","background-position":"center center","background-size":"auto","background-attachment":"scroll","background-type":"","background-media":"","overlay-type":"","overlay-color":"","overlay-opacity":"","overlay-gradient":""},"tablet":{"background-color":"var(--ast-global-color-5)","background-image":"","background-repeat":"repeat","background-position":"center center","background-size":"auto","background-attachment":"scroll","background-type":"","background-media":"","overlay-type":"","overlay-color":"","overlay-opacity":"","overlay-gradient":""},"mobile":{"background-color":"var(--ast-global-color-5)","background-image":"","background-repeat":"repeat","background-position":"center center","background-size":"auto","background-attachment":"scroll","background-type":"","background-media":"","overlay-type":"","overlay-color":"","overlay-opacity":"","overlay-gradient":""}},"footnotes":""},"categories":[5],"tags":[],"class_list":["post-1876","post","type-post","status-publish","format-standard","has-post-thumbnail","hentry","category-sera-de-pula"],"yoast_head":"<!-- This site is optimized with the Yoast SEO plugin v28.3 - https:\/\/yoast.com\/product\/yoast-seo-wordpress\/ -->\n<title>Compromiso con la sostenibilidad: c\u00f3mo S&#039;Era de Pula cuida el medio ambiente<\/title>\n<meta name=\"robots\" content=\"index, follow, max-snippet:-1, max-image-preview:large, max-video-preview:-1\" \/>\n<link rel=\"canonical\" href=\"https:\/\/seradepula.com\/ca\/la-sostenibilidad-en-cada-bocado-nuestro-compromiso-con-el-medio-ambiente\/\" \/>\n<meta property=\"og:locale\" content=\"ca_ES\" \/>\n<meta property=\"og:type\" content=\"article\" \/>\n<meta property=\"og:title\" content=\"Compromiso con la sostenibilidad: c\u00f3mo S&#039;Era de Pula cuida el medio ambiente\" \/>\n<meta property=\"og:description\" content=\"S&#8217;Era de Pula representa una propuesta \u00fanica en Mallorca, donde la tradici\u00f3n culinaria se fusiona con un profundo compromiso con la sostenibilidad. Con m\u00e1s de medio siglo de historia, nuestro rinc\u00f3n gastron\u00f3mico ha cultivado un huerto propio y seleccionado los mejores ingredientes locales para crear platos que complacen el paladar y cuidan del planeta.\u00a0 \u00bfQuieres [&hellip;]\" \/>\n<meta property=\"og:url\" content=\"https:\/\/seradepula.com\/ca\/la-sostenibilidad-en-cada-bocado-nuestro-compromiso-con-el-medio-ambiente\/\" \/>\n<meta property=\"og:site_name\" content=\"S&#039;era de Pula\" \/>\n<meta property=\"article:published_time\" content=\"2025-01-14T16:57:36+00:00\" \/>\n<meta property=\"article:modified_time\" content=\"2025-01-14T16:59:31+00:00\" \/>\n<meta property=\"og:image\" content=\"https:\/\/seradepula.com\/wp-content\/uploads\/2025\/01\/MAGDALENA-CAJA.jpg\" \/>\n\t<meta property=\"og:image:width\" content=\"1985\" \/>\n\t<meta property=\"og:image:height\" content=\"1748\" \/>\n\t<meta property=\"og:image:type\" content=\"image\/jpeg\" \/>\n<meta name=\"author\" content=\"David\" \/>\n<meta name=\"twitter:card\" content=\"summary_large_image\" \/>\n<meta name=\"twitter:label1\" content=\"Escrit per\" \/>\n\t<meta name=\"twitter:data1\" content=\"David\" \/>\n\t<meta name=\"twitter:label2\" content=\"Temps estimat de lectura\" \/>\n\t<meta name=\"twitter:data2\" content=\"4 minuts\" \/>\n<script type=\"application\/ld+json\" class=\"yoast-schema-graph\">{\"@context\":\"https:\\\/\\\/schema.org\",\"@graph\":[{\"@type\":\"Article\",\"@id\":\"https:\\\/\\\/seradepula.com\\\/la-sostenibilidad-en-cada-bocado-nuestro-compromiso-con-el-medio-ambiente\\\/#article\",\"isPartOf\":{\"@id\":\"https:\\\/\\\/seradepula.com\\\/la-sostenibilidad-en-cada-bocado-nuestro-compromiso-con-el-medio-ambiente\\\/\"},\"author\":{\"name\":\"David\",\"@id\":\"https:\\\/\\\/seradepula.com\\\/#\\\/schema\\\/person\\\/54dff291a577b0124c667b48fc5f2352\"},\"headline\":\"La Sostenibilidad en Cada Bocado: Nuestro Compromiso con el Medio Ambiente\",\"datePublished\":\"2025-01-14T16:57:36+00:00\",\"dateModified\":\"2025-01-14T16:59:31+00:00\",\"mainEntityOfPage\":{\"@id\":\"https:\\\/\\\/seradepula.com\\\/la-sostenibilidad-en-cada-bocado-nuestro-compromiso-con-el-medio-ambiente\\\/\"},\"wordCount\":755,\"publisher\":{\"@id\":\"https:\\\/\\\/seradepula.com\\\/#organization\"},\"image\":{\"@id\":\"https:\\\/\\\/seradepula.com\\\/la-sostenibilidad-en-cada-bocado-nuestro-compromiso-con-el-medio-ambiente\\\/#primaryimage\"},\"thumbnailUrl\":\"https:\\\/\\\/seradepula.com\\\/wp-content\\\/uploads\\\/2025\\\/01\\\/MAGDALENA-CAJA.jpg\",\"articleSection\":[\"S'era de Pula\"],\"inLanguage\":\"ca\"},{\"@type\":\"WebPage\",\"@id\":\"https:\\\/\\\/seradepula.com\\\/la-sostenibilidad-en-cada-bocado-nuestro-compromiso-con-el-medio-ambiente\\\/\",\"url\":\"https:\\\/\\\/seradepula.com\\\/la-sostenibilidad-en-cada-bocado-nuestro-compromiso-con-el-medio-ambiente\\\/\",\"name\":\"Compromiso con la sostenibilidad: c\u00f3mo S'Era de Pula cuida el medio ambiente\",\"isPartOf\":{\"@id\":\"https:\\\/\\\/seradepula.com\\\/#website\"},\"primaryImageOfPage\":{\"@id\":\"https:\\\/\\\/seradepula.com\\\/la-sostenibilidad-en-cada-bocado-nuestro-compromiso-con-el-medio-ambiente\\\/#primaryimage\"},\"image\":{\"@id\":\"https:\\\/\\\/seradepula.com\\\/la-sostenibilidad-en-cada-bocado-nuestro-compromiso-con-el-medio-ambiente\\\/#primaryimage\"},\"thumbnailUrl\":\"https:\\\/\\\/seradepula.com\\\/wp-content\\\/uploads\\\/2025\\\/01\\\/MAGDALENA-CAJA.jpg\",\"datePublished\":\"2025-01-14T16:57:36+00:00\",\"dateModified\":\"2025-01-14T16:59:31+00:00\",\"breadcrumb\":{\"@id\":\"https:\\\/\\\/seradepula.com\\\/la-sostenibilidad-en-cada-bocado-nuestro-compromiso-con-el-medio-ambiente\\\/#breadcrumb\"},\"inLanguage\":\"ca\",\"potentialAction\":[{\"@type\":\"ReadAction\",\"target\":[\"https:\\\/\\\/seradepula.com\\\/la-sostenibilidad-en-cada-bocado-nuestro-compromiso-con-el-medio-ambiente\\\/\"]}]},{\"@type\":\"ImageObject\",\"inLanguage\":\"ca\",\"@id\":\"https:\\\/\\\/seradepula.com\\\/la-sostenibilidad-en-cada-bocado-nuestro-compromiso-con-el-medio-ambiente\\\/#primaryimage\",\"url\":\"https:\\\/\\\/seradepula.com\\\/wp-content\\\/uploads\\\/2025\\\/01\\\/MAGDALENA-CAJA.jpg\",\"contentUrl\":\"https:\\\/\\\/seradepula.com\\\/wp-content\\\/uploads\\\/2025\\\/01\\\/MAGDALENA-CAJA.jpg\",\"width\":1985,\"height\":1748},{\"@type\":\"BreadcrumbList\",\"@id\":\"https:\\\/\\\/seradepula.com\\\/la-sostenibilidad-en-cada-bocado-nuestro-compromiso-con-el-medio-ambiente\\\/#breadcrumb\",\"itemListElement\":[{\"@type\":\"ListItem\",\"position\":1,\"name\":\"Portada\",\"item\":\"https:\\\/\\\/seradepula.com\\\/\"},{\"@type\":\"ListItem\",\"position\":2,\"name\":\"La Sostenibilidad en Cada Bocado: Nuestro Compromiso con el Medio Ambiente\"}]},{\"@type\":\"WebSite\",\"@id\":\"https:\\\/\\\/seradepula.com\\\/#website\",\"url\":\"https:\\\/\\\/seradepula.com\\\/\",\"name\":\"S&#039;era de Pula\",\"description\":\"\",\"publisher\":{\"@id\":\"https:\\\/\\\/seradepula.com\\\/#organization\"},\"potentialAction\":[{\"@type\":\"SearchAction\",\"target\":{\"@type\":\"EntryPoint\",\"urlTemplate\":\"https:\\\/\\\/seradepula.com\\\/?s={search_term_string}\"},\"query-input\":{\"@type\":\"PropertyValueSpecification\",\"valueRequired\":true,\"valueName\":\"search_term_string\"}}],\"inLanguage\":\"ca\"},{\"@type\":\"Organization\",\"@id\":\"https:\\\/\\\/seradepula.com\\\/#organization\",\"name\":\"S&#039;era de Pula\",\"url\":\"https:\\\/\\\/seradepula.com\\\/\",\"logo\":{\"@type\":\"ImageObject\",\"inLanguage\":\"ca\",\"@id\":\"https:\\\/\\\/seradepula.com\\\/#\\\/schema\\\/logo\\\/image\\\/\",\"url\":\"https:\\\/\\\/seradepula.com\\\/wp-content\\\/uploads\\\/2023\\\/01\\\/logo-light.svg\",\"contentUrl\":\"https:\\\/\\\/seradepula.com\\\/wp-content\\\/uploads\\\/2023\\\/01\\\/logo-light.svg\",\"width\":196,\"height\":209,\"caption\":\"S&#039;era de Pula\"},\"image\":{\"@id\":\"https:\\\/\\\/seradepula.com\\\/#\\\/schema\\\/logo\\\/image\\\/\"}},{\"@type\":\"Person\",\"@id\":\"https:\\\/\\\/seradepula.com\\\/#\\\/schema\\\/person\\\/54dff291a577b0124c667b48fc5f2352\",\"name\":\"David\",\"image\":{\"@type\":\"ImageObject\",\"inLanguage\":\"ca\",\"@id\":\"https:\\\/\\\/secure.gravatar.com\\\/avatar\\\/ae0832d4f4ac373d3243506d5d26f02cdcfe42296e92f8d21fd3242fbfce4e14?s=96&d=mm&r=g\",\"url\":\"https:\\\/\\\/secure.gravatar.com\\\/avatar\\\/ae0832d4f4ac373d3243506d5d26f02cdcfe42296e92f8d21fd3242fbfce4e14?s=96&d=mm&r=g\",\"contentUrl\":\"https:\\\/\\\/secure.gravatar.com\\\/avatar\\\/ae0832d4f4ac373d3243506d5d26f02cdcfe42296e92f8d21fd3242fbfce4e14?s=96&d=mm&r=g\",\"caption\":\"David\"},\"url\":\"https:\\\/\\\/seradepula.com\\\/ca\\\/author\\\/david\\\/\"}]}<\/script>\n<!-- \/ Yoast SEO plugin. -->","yoast_head_json":{"title":"Compromiso con la sostenibilidad: c\u00f3mo S'Era de Pula cuida el medio ambiente","robots":{"index":"index","follow":"follow","max-snippet":"max-snippet:-1","max-image-preview":"max-image-preview:large","max-video-preview":"max-video-preview:-1"},"canonical":"https:\/\/seradepula.com\/ca\/la-sostenibilidad-en-cada-bocado-nuestro-compromiso-con-el-medio-ambiente\/","og_locale":"ca_ES","og_type":"article","og_title":"Compromiso con la sostenibilidad: c\u00f3mo S'Era de Pula cuida el medio ambiente","og_description":"S&#8217;Era de Pula representa una propuesta \u00fanica en Mallorca, donde la tradici\u00f3n culinaria se fusiona con un profundo compromiso con la sostenibilidad. Con m\u00e1s de medio siglo de historia, nuestro rinc\u00f3n gastron\u00f3mico ha cultivado un huerto propio y seleccionado los mejores ingredientes locales para crear platos que complacen el paladar y cuidan del planeta.\u00a0 \u00bfQuieres [&hellip;]","og_url":"https:\/\/seradepula.com\/ca\/la-sostenibilidad-en-cada-bocado-nuestro-compromiso-con-el-medio-ambiente\/","og_site_name":"S&#039;era de Pula","article_published_time":"2025-01-14T16:57:36+00:00","article_modified_time":"2025-01-14T16:59:31+00:00","og_image":[{"width":1985,"height":1748,"url":"https:\/\/seradepula.com\/wp-content\/uploads\/2025\/01\/MAGDALENA-CAJA.jpg","type":"image\/jpeg"}],"author":"David","twitter_card":"summary_large_image","twitter_misc":{"Escrit per":"David","Temps estimat de lectura":"4 minuts"},"schema":{"@context":"https:\/\/schema.org","@graph":[{"@type":"Article","@id":"https:\/\/seradepula.com\/la-sostenibilidad-en-cada-bocado-nuestro-compromiso-con-el-medio-ambiente\/#article","isPartOf":{"@id":"https:\/\/seradepula.com\/la-sostenibilidad-en-cada-bocado-nuestro-compromiso-con-el-medio-ambiente\/"},"author":{"name":"David","@id":"https:\/\/seradepula.com\/#\/schema\/person\/54dff291a577b0124c667b48fc5f2352"},"headline":"La Sostenibilidad en Cada Bocado: Nuestro Compromiso con el Medio Ambiente","datePublished":"2025-01-14T16:57:36+00:00","dateModified":"2025-01-14T16:59:31+00:00","mainEntityOfPage":{"@id":"https:\/\/seradepula.com\/la-sostenibilidad-en-cada-bocado-nuestro-compromiso-con-el-medio-ambiente\/"},"wordCount":755,"publisher":{"@id":"https:\/\/seradepula.com\/#organization"},"image":{"@id":"https:\/\/seradepula.com\/la-sostenibilidad-en-cada-bocado-nuestro-compromiso-con-el-medio-ambiente\/#primaryimage"},"thumbnailUrl":"https:\/\/seradepula.com\/wp-content\/uploads\/2025\/01\/MAGDALENA-CAJA.jpg","articleSection":["S'era de Pula"],"inLanguage":"ca"},{"@type":"WebPage","@id":"https:\/\/seradepula.com\/la-sostenibilidad-en-cada-bocado-nuestro-compromiso-con-el-medio-ambiente\/","url":"https:\/\/seradepula.com\/la-sostenibilidad-en-cada-bocado-nuestro-compromiso-con-el-medio-ambiente\/","name":"Compromiso con la sostenibilidad: c\u00f3mo S'Era de Pula cuida el medio ambiente","isPartOf":{"@id":"https:\/\/seradepula.com\/#website"},"primaryImageOfPage":{"@id":"https:\/\/seradepula.com\/la-sostenibilidad-en-cada-bocado-nuestro-compromiso-con-el-medio-ambiente\/#primaryimage"},"image":{"@id":"https:\/\/seradepula.com\/la-sostenibilidad-en-cada-bocado-nuestro-compromiso-con-el-medio-ambiente\/#primaryimage"},"thumbnailUrl":"https:\/\/seradepula.com\/wp-content\/uploads\/2025\/01\/MAGDALENA-CAJA.jpg","datePublished":"2025-01-14T16:57:36+00:00","dateModified":"2025-01-14T16:59:31+00:00","breadcrumb":{"@id":"https:\/\/seradepula.com\/la-sostenibilidad-en-cada-bocado-nuestro-compromiso-con-el-medio-ambiente\/#breadcrumb"},"inLanguage":"ca","potentialAction":[{"@type":"ReadAction","target":["https:\/\/seradepula.com\/la-sostenibilidad-en-cada-bocado-nuestro-compromiso-con-el-medio-ambiente\/"]}]},{"@type":"ImageObject","inLanguage":"ca","@id":"https:\/\/seradepula.com\/la-sostenibilidad-en-cada-bocado-nuestro-compromiso-con-el-medio-ambiente\/#primaryimage","url":"https:\/\/seradepula.com\/wp-content\/uploads\/2025\/01\/MAGDALENA-CAJA.jpg","contentUrl":"https:\/\/seradepula.com\/wp-content\/uploads\/2025\/01\/MAGDALENA-CAJA.jpg","width":1985,"height":1748},{"@type":"BreadcrumbList","@id":"https:\/\/seradepula.com\/la-sostenibilidad-en-cada-bocado-nuestro-compromiso-con-el-medio-ambiente\/#breadcrumb","itemListElement":[{"@type":"ListItem","position":1,"name":"Portada","item":"https:\/\/seradepula.com\/"},{"@type":"ListItem","position":2,"name":"La Sostenibilidad en Cada Bocado: Nuestro Compromiso con el Medio Ambiente"}]},{"@type":"WebSite","@id":"https:\/\/seradepula.com\/#website","url":"https:\/\/seradepula.com\/","name":"S&#039;era de Pula","description":"","publisher":{"@id":"https:\/\/seradepula.com\/#organization"},"potentialAction":[{"@type":"SearchAction","target":{"@type":"EntryPoint","urlTemplate":"https:\/\/seradepula.com\/?s={search_term_string}"},"query-input":{"@type":"PropertyValueSpecification","valueRequired":true,"valueName":"search_term_string"}}],"inLanguage":"ca"},{"@type":"Organization","@id":"https:\/\/seradepula.com\/#organization","name":"S&#039;era de Pula","url":"https:\/\/seradepula.com\/","logo":{"@type":"ImageObject","inLanguage":"ca","@id":"https:\/\/seradepula.com\/#\/schema\/logo\/image\/","url":"https:\/\/seradepula.com\/wp-content\/uploads\/2023\/01\/logo-light.svg","contentUrl":"https:\/\/seradepula.com\/wp-content\/uploads\/2023\/01\/logo-light.svg","width":196,"height":209,"caption":"S&#039;era de Pula"},"image":{"@id":"https:\/\/seradepula.com\/#\/schema\/logo\/image\/"}},{"@type":"Person","@id":"https:\/\/seradepula.com\/#\/schema\/person\/54dff291a577b0124c667b48fc5f2352","name":"David","image":{"@type":"ImageObject","inLanguage":"ca","@id":"https:\/\/secure.gravatar.com\/avatar\/ae0832d4f4ac373d3243506d5d26f02cdcfe42296e92f8d21fd3242fbfce4e14?s=96&d=mm&r=g","url":"https:\/\/secure.gravatar.com\/avatar\/ae0832d4f4ac373d3243506d5d26f02cdcfe42296e92f8d21fd3242fbfce4e14?s=96&d=mm&r=g","contentUrl":"https:\/\/secure.gravatar.com\/avatar\/ae0832d4f4ac373d3243506d5d26f02cdcfe42296e92f8d21fd3242fbfce4e14?s=96&d=mm&r=g","caption":"David"},"url":"https:\/\/seradepula.com\/ca\/author\/david\/"}]}},"_links":{"self":[{"href":"https:\/\/seradepula.com\/ca\/wp-json\/wp\/v2\/posts\/1876","targetHints":{"allow":["GET"]}}],"collection":[{"href":"https:\/\/seradepula.com\/ca\/wp-json\/wp\/v2\/posts"}],"about":[{"href":"https:\/\/seradepula.com\/ca\/wp-json\/wp\/v2\/types\/post"}],"author":[{"embeddable":true,"href":"https:\/\/seradepula.com\/ca\/wp-json\/wp\/v2\/users\/2"}],"replies":[{"embeddable":true,"href":"https:\/\/seradepula.com\/ca\/wp-json\/wp\/v2\/comments?post=1876"}],"version-history":[{"count":0,"href":"https:\/\/seradepula.com\/ca\/wp-json\/wp\/v2\/posts\/1876\/revisions"}],"wp:featuredmedia":[{"embeddable":true,"href":"https:\/\/seradepula.com\/ca\/wp-json\/wp\/v2\/media\/1878"}],"wp:attachment":[{"href":"https:\/\/seradepula.com\/ca\/wp-json\/wp\/v2\/media?parent=1876"}],"wp:term":[{"taxonomy":"category","embeddable":true,"href":"https:\/\/seradepula.com\/ca\/wp-json\/wp\/v2\/categories?post=1876"},{"taxonomy":"post_tag","embeddable":true,"href":"https:\/\/seradepula.com\/ca\/wp-json\/wp\/v2\/tags?post=1876"}],"curies":[{"name":"wp","href":"https:\/\/api.w.org\/{rel}","templated":true}]}}